{"id":698,"date":"2024-10-09T12:41:34","date_gmt":"2024-10-09T10:41:34","guid":{"rendered":"https:\/\/www.tvwabern.ch\/?p=698"},"modified":"2025-06-28T15:57:21","modified_gmt":"2025-06-28T13:57:21","slug":"work-in-progress-beim-tv-wabern","status":"publish","type":"post","link":"https:\/\/www.tvwabern.ch\/?p=698","title":{"rendered":"Work in Progress beim TV-Wabern"},"content":{"rendered":"\n<p>Seit diesem Fr\u00fchjahr weht im TV-Wabern mit einem neuen Pr\u00e4sidium und Vorstand ein frischer Wind! Wir sind derzeit intensiv damit besch\u00e4ftigt, unsere Statuten zu \u00fcberarbeiten und ein innovatives Konzept zu entwickeln, das den TV-Wabern weiter voranbringt und unsere Gemeinschaft st\u00e4rkt.<\/p>\n\n\n\n<p>Unsere aktuellen Angebote sind bereits auf dem neusten Stand und wir freuen uns, weiterhin ein abwechslungsreiches Programm f\u00fcr Jung und Alt anbieten zu k\u00f6nnen. Ob Meitschi- und Gieleturnen, Handball, Unihockey oder die beliebten Riegen &#8211; unser Verein bleibt ein aktiver Treffpunkt f\u00fcr sportbegeisterte Mitglieder.<\/p>\n\n\n\n<p>Im Moment befinden wir uns mitten in einem grossen &#8220;Work in Progress&#8221; und es gibt noch viel zu tun, aber wir sind zuversichtlich, dass wir schon bald spannende Updates und News mit euch teilen k\u00f6nnen. Seid gespannt, was uns in den n\u00e4chsten Monaten erwartet!<\/p>\n\n\n\n<p>Stay tuned und vielen Dank f\u00fcr eure Unterst\u00fctzung!<\/p>\n","protected":false},"excerpt":{"rendered":"<p>Seit diesem Fr\u00fchjahr weht im TV-Wabern mit einem neuen Pr\u00e4sidium und Vorstand ein frischer Wind! [&hellip;]<\/p>\n","protected":false},"author":11,"featured_media":700,"comment_status":"closed","ping_status":"open","sticky":false,"template":"","format":"standard","meta":{"footnotes":""},"categories":[1],"tags":[48,47,42,45,43,50,41,40,46,49,44,39],"table_tags":[],"class_list":["post-698","post","type-post","status-publish","format-standard","has-post-thumbnail","hentry","category-news","tag-bern","tag-floorball","tag-handball","tag-riegen","tag-sport","tag-sport-verein","tag-turnen","tag-tv-wabern","tag-unihockey","tag-verein","tag-waberelouf","tag-wip"],"_links":{"self":[{"href":"https:\/\/www.tvwabern.ch\/index.php?rest_route=\/wp\/v2\/posts\/698","targetHints":{"allow":["GET"]}}],"collection":[{"href":"https:\/\/www.tvwabern.ch\/index.php?rest_route=\/wp\/v2\/posts"}],"about":[{"href":"https:\/\/www.tvwabern.ch\/index.php?rest_route=\/wp\/v2\/types\/post"}],"author":[{"embeddable":true,"href":"https:\/\/www.tvwabern.ch\/index.php?rest_route=\/wp\/v2\/users\/11"}],"replies":[{"embeddable":true,"href":"https:\/\/www.tvwabern.ch\/index.php?rest_route=%2Fwp%2Fv2%2Fcomments&post=698"}],"version-history":[{"count":2,"href":"https:\/\/www.tvwabern.ch\/index.php?rest_route=\/wp\/v2\/posts\/698\/revisions"}],"predecessor-version":[{"id":702,"href":"https:\/\/www.tvwabern.ch\/index.php?rest_route=\/wp\/v2\/posts\/698\/revisions\/702"}],"wp:featuredmedia":[{"embeddable":true,"href":"https:\/\/www.tvwabern.ch\/index.php?rest_route=\/wp\/v2\/media\/700"}],"wp:attachment":[{"href":"https:\/\/www.tvwabern.ch\/index.php?rest_route=%2Fwp%2Fv2%2Fmedia&parent=698"}],"wp:term":[{"taxonomy":"category","embeddable":true,"href":"https:\/\/www.tvwabern.ch\/index.php?rest_route=%2Fwp%2Fv2%2Fcategories&post=698"},{"taxonomy":"post_tag","embeddable":true,"href":"https:\/\/www.tvwabern.ch\/index.php?rest_route=%2Fwp%2Fv2%2Ftags&post=698"},{"taxonomy":"table_tags","embeddable":true,"href":"https:\/\/www.tvwabern.ch\/index.php?rest_route=%2Fwp%2Fv2%2Ftable_tags&post=698"}],"curies":[{"name":"wp","href":"https:\/\/api.w.org\/{rel}","templated":true}]}}